{"id":1337,"date":"2021-11-03T15:24:57","date_gmt":"2021-11-03T15:24:57","guid":{"rendered":"https:\/\/www.elsrochette.brussels\/?p=1337"},"modified":"2021-11-09T09:48:03","modified_gmt":"2021-11-09T09:48:03","slug":"dringend-nood-aan-duidelijke-criteria-bij-regularisatieaanvragen","status":"publish","type":"post","link":"https:\/\/www.elsrochette.brussels\/fr\/antiracisme-en-gelijke-kansen\/dringend-nood-aan-duidelijke-criteria-bij-regularisatieaanvragen\/","title":{"rendered":"Il est urgent d'\u00e9tablir des crit\u00e8res clairs pour les demandes de r\u00e9gularisation"},"content":{"rendered":"<p class=\"has-medium-font-size\"><strong>Aujourd'hui, une conf\u00e9rence de presse a \u00e9t\u00e9 organis\u00e9e \u00e0 l'\u00e9glise du B\u00e9guinage \u00e0 Bruxelles. Plus de 400 personnes sans titre de s\u00e9jour l\u00e9gal ont d\u00e9pos\u00e9 un dossier de r\u00e9gularisation apr\u00e8s la fin de la gr\u00e8ve de la faim, le 21 juillet. La gr\u00e8ve a pris fin apr\u00e8s que des promesses aient \u00e9t\u00e9 faites \u00e0 Mehdi Kassou, au pasteur Daniel Alliet, aux avocats Alexis Deswaef et Marie-Pierre Buisseret. <\/strong><\/p>\n\n\n\n<p>Le Secr\u00e9taire d'Etat Sammy Mahdi a donn\u00e9 sa parole qu'une r\u00e9ponse positive suivrait pour la plupart des gr\u00e9vistes de la faim car ils r\u00e9pondent \u00e0 plusieurs crit\u00e8res, tels qu'un contrat de travail et une r\u00e9sidence de longue dur\u00e9e en Belgique.<\/p>\n\n\n\n<p>Mais une note ayant fait l'objet d'une fuite montre maintenant que m\u00eame ceux qui r\u00e9pondent aux crit\u00e8res ne sont pas r\u00e9gularis\u00e9s. C'est pourquoi one.brussels plaide, plus que jamais, pour que l'on travaille de toute urgence sur des crit\u00e8res pr\u00e9cis de r\u00e9gularisation des Bruxellois sans titre de s\u00e9jour l\u00e9gal. La r\u00e9gularisation par un contrat de travail devrait \u00eatre l'un de ces crit\u00e8res. C'est la seule fa\u00e7on humaine de r\u00e9soudre ce probl\u00e8me social.<\/p>\n\n\n\n<p>Je ne comprends pas pourquoi le secr\u00e9taire d'\u00c9tat ne tient pas ses promesses. Il est inacceptable que des personnes qui vivent en Belgique depuis plus de 10 ans, qui travaillent dans des conditions mis\u00e9rables et qui ont des enfants qui vont \u00e0 l'\u00e9cole ici, soient simplement expuls\u00e9es de notre pays. Leur vie est ici maintenant. Ils font partie de notre soci\u00e9t\u00e9 et y contribuent. Cela ne peut plus durer. Il doit y avoir une solution d\u00e9finitive pour eux.<\/p>\n\n\n\n<p>Je me r\u00e9jouis \u00e9galement que l'ensemble du gouvernement bruxellois demande des mesures claires et concr\u00e8tes au gouvernement f\u00e9d\u00e9ral. Dans le courrier qu'elle a envoy\u00e9, elle r\u00e9clame notamment un centre d'accueil et d'orientation et un remboursement des frais engag\u00e9s par la r\u00e9gion pour les personnes en attente d'un statut de r\u00e9sident en 2019.<\/p>\n\n\n\n<p>Le gouvernement bruxellois demande \u00e9galement qu'une aide alimentaire et une assistance m\u00e9dicale urgente soient fournies aux personnes qui attendent une r\u00e9ponse concernant leur permis de s\u00e9jour.<\/p>\n\n\n\n<p>Elle souhaite aussi que l'on travaille sur le suivi en cas de d\u00e9cision n\u00e9gative sur le permis de s\u00e9jour. Enfin, des efforts suppl\u00e9mentaires devraient \u00eatre consentis pour renforcer la police f\u00e9d\u00e9rale autour des gares.<\/p>","protected":false},"excerpt":{"rendered":"Vandaag was er een persconferentie aan de Begijnhofkerk in Brussel. Meer dan 400 mensen zonder legale verblijfsvergunning hebben na het einde van de hongerstaking, op 21 juli, een reguralisatiedossier ingediend. De hongerstaking werd be\u00ebindigd, nadat beloftes gedaan werden aan Mehdi Kassou, pastoor Dani\u00ebl Alliet, advocaten Alexis Deswaef en Marie-Pierre Buisseret. Staatssecretaris Sammy Mahdi gaf zijn&#8230; <a class=\"meer\" href=\"https:\/\/www.elsrochette.brussels\/fr\/antiracisme-en-gelijke-kansen\/dringend-nood-aan-duidelijke-criteria-bij-regularisatieaanvragen\/\">Lees meer<\/a>","protected":false},"author":1,"featured_media":1062,"comment_status":"open","ping_status":"open","sticky":false,"template":"","format":"standard","meta":{"footnotes":""},"categories":[12],"tags":[],"class_list":["post-1337","post","type-post","status-publish","format-standard","has-post-thumbnail","hentry","category-antiracisme-en-gelijke-kansen"],"yoast_head":"<!-- This site is optimized with the Yoast SEO plugin v22.7 - https:\/\/yoast.com\/wordpress\/plugins\/seo\/ -->\n<title>Dringend nood aan duidelijke criteria bij regularisatieaanvragen - Els Rochette<\/title>\n<meta name=\"robots\" content=\"index, follow, max-snippet:-1, max-image-preview:large, max-video-preview:-1\" \/>\n<link rel=\"canonical\" href=\"https:\/\/www.elsrochette.brussels\/fr\/antiracisme-en-gelijke-kansen\/dringend-nood-aan-duidelijke-criteria-bij-regularisatieaanvragen\/\" \/>\n<meta property=\"og:locale\" content=\"fr_FR\" \/>\n<meta property=\"og:type\" content=\"article\" \/>\n<meta property=\"og:title\" content=\"Dringend nood aan duidelijke criteria bij regularisatieaanvragen - Els Rochette\" \/>\n<meta property=\"og:description\" content=\"Vandaag was er een persconferentie aan de Begijnhofkerk in Brussel. Meer dan 400 mensen zonder legale verblijfsvergunning hebben na het einde van de hongerstaking, op 21 juli, een reguralisatiedossier ingediend. De hongerstaking werd be\u00ebindigd, nadat beloftes gedaan werden aan Mehdi Kassou, pastoor Dani\u00ebl Alliet, advocaten Alexis Deswaef en Marie-Pierre Buisseret. Staatssecretaris Sammy Mahdi gaf zijn... Lees meer\" \/>\n<meta property=\"og:url\" content=\"https:\/\/www.elsrochette.brussels\/fr\/antiracisme-en-gelijke-kansen\/dringend-nood-aan-duidelijke-criteria-bij-regularisatieaanvragen\/\" \/>\n<meta property=\"og:site_name\" content=\"Els Rochette\" \/>\n<meta property=\"article:published_time\" content=\"2021-11-03T15:24:57+00:00\" \/>\n<meta property=\"article:modified_time\" content=\"2021-11-09T09:48:03+00:00\" \/>\n<meta property=\"og:image\" content=\"https:\/\/www.elsrochette.brussels\/wp-content\/uploads\/2021\/07\/1f508cb0-ba6b-4a2b-8b1c-cc6d9c82ffc3.jpg\" \/>\n\t<meta property=\"og:image:width\" content=\"1920\" \/>\n\t<meta property=\"og:image:height\" content=\"1280\" \/>\n\t<meta property=\"og:image:type\" content=\"image\/jpeg\" \/>\n<meta name=\"author\" content=\"Robin CUVILLIER\" \/>\n<meta name=\"twitter:card\" content=\"summary_large_image\" \/>\n<meta name=\"twitter:label1\" content=\"\u00c9crit par\" \/>\n\t<meta name=\"twitter:data1\" content=\"Robin CUVILLIER\" \/>\n\t<meta name=\"twitter:label2\" content=\"Dur\u00e9e de lecture est.\" \/>\n\t<meta name=\"twitter:data2\" content=\"2 minutes\" \/>\n<script type=\"application\/ld+json\" class=\"yoast-schema-graph\">{\"@context\":\"https:\/\/schema.org\",\"@graph\":[{\"@type\":\"WebPage\",\"@id\":\"https:\/\/www.elsrochette.brussels\/antiracisme-en-gelijke-kansen\/dringend-nood-aan-duidelijke-criteria-bij-regularisatieaanvragen\/\",\"url\":\"https:\/\/www.elsrochette.brussels\/antiracisme-en-gelijke-kansen\/dringend-nood-aan-duidelijke-criteria-bij-regularisatieaanvragen\/\",\"name\":\"Dringend nood aan duidelijke criteria bij regularisatieaanvragen - Els Rochette\",\"isPartOf\":{\"@id\":\"https:\/\/www.elsrochette.brussels\/#website\"},\"primaryImageOfPage\":{\"@id\":\"https:\/\/www.elsrochette.brussels\/antiracisme-en-gelijke-kansen\/dringend-nood-aan-duidelijke-criteria-bij-regularisatieaanvragen\/#primaryimage\"},\"image\":{\"@id\":\"https:\/\/www.elsrochette.brussels\/antiracisme-en-gelijke-kansen\/dringend-nood-aan-duidelijke-criteria-bij-regularisatieaanvragen\/#primaryimage\"},\"thumbnailUrl\":\"https:\/\/www.elsrochette.brussels\/wp-content\/uploads\/2021\/07\/1f508cb0-ba6b-4a2b-8b1c-cc6d9c82ffc3.jpg\",\"datePublished\":\"2021-11-03T15:24:57+00:00\",\"dateModified\":\"2021-11-09T09:48:03+00:00\",\"author\":{\"@id\":\"https:\/\/www.elsrochette.brussels\/#\/schema\/person\/389fd1b6ea7d132cef3dd1222f57fcb0\"},\"breadcrumb\":{\"@id\":\"https:\/\/www.elsrochette.brussels\/antiracisme-en-gelijke-kansen\/dringend-nood-aan-duidelijke-criteria-bij-regularisatieaanvragen\/#breadcrumb\"},\"inLanguage\":\"fr-BE\",\"potentialAction\":[{\"@type\":\"ReadAction\",\"target\":[\"https:\/\/www.elsrochette.brussels\/antiracisme-en-gelijke-kansen\/dringend-nood-aan-duidelijke-criteria-bij-regularisatieaanvragen\/\"]}]},{\"@type\":\"ImageObject\",\"inLanguage\":\"fr-BE\",\"@id\":\"https:\/\/www.elsrochette.brussels\/antiracisme-en-gelijke-kansen\/dringend-nood-aan-duidelijke-criteria-bij-regularisatieaanvragen\/#primaryimage\",\"url\":\"https:\/\/www.elsrochette.brussels\/wp-content\/uploads\/2021\/07\/1f508cb0-ba6b-4a2b-8b1c-cc6d9c82ffc3.jpg\",\"contentUrl\":\"https:\/\/www.elsrochette.brussels\/wp-content\/uploads\/2021\/07\/1f508cb0-ba6b-4a2b-8b1c-cc6d9c82ffc3.jpg\",\"width\":1920,\"height\":1280},{\"@type\":\"BreadcrumbList\",\"@id\":\"https:\/\/www.elsrochette.brussels\/antiracisme-en-gelijke-kansen\/dringend-nood-aan-duidelijke-criteria-bij-regularisatieaanvragen\/#breadcrumb\",\"itemListElement\":[{\"@type\":\"ListItem\",\"position\":1,\"name\":\"Home\",\"item\":\"https:\/\/www.elsrochette.brussels\/\"},{\"@type\":\"ListItem\",\"position\":2,\"name\":\"Dringend nood aan duidelijke criteria bij regularisatieaanvragen\"}]},{\"@type\":\"WebSite\",\"@id\":\"https:\/\/www.elsrochette.brussels\/#website\",\"url\":\"https:\/\/www.elsrochette.brussels\/\",\"name\":\"Els Rochette\",\"description\":\"\",\"potentialAction\":[{\"@type\":\"SearchAction\",\"target\":{\"@type\":\"EntryPoint\",\"urlTemplate\":\"https:\/\/www.elsrochette.brussels\/?s={search_term_string}\"},\"query-input\":\"required name=search_term_string\"}],\"inLanguage\":\"fr-BE\"},{\"@type\":\"Person\",\"@id\":\"https:\/\/www.elsrochette.brussels\/#\/schema\/person\/389fd1b6ea7d132cef3dd1222f57fcb0\",\"name\":\"Robin CUVILLIER\"}]}<\/script>\n<!-- \/ Yoast SEO plugin. -->","yoast_head_json":{"title":"Dringend nood aan duidelijke criteria bij regularisatieaanvragen - Els Rochette","robots":{"index":"index","follow":"follow","max-snippet":"max-snippet:-1","max-image-preview":"max-image-preview:large","max-video-preview":"max-video-preview:-1"},"canonical":"https:\/\/www.elsrochette.brussels\/fr\/antiracisme-en-gelijke-kansen\/dringend-nood-aan-duidelijke-criteria-bij-regularisatieaanvragen\/","og_locale":"fr_FR","og_type":"article","og_title":"Dringend nood aan duidelijke criteria bij regularisatieaanvragen - Els Rochette","og_description":"Vandaag was er een persconferentie aan de Begijnhofkerk in Brussel. Meer dan 400 mensen zonder legale verblijfsvergunning hebben na het einde van de hongerstaking, op 21 juli, een reguralisatiedossier ingediend. De hongerstaking werd be\u00ebindigd, nadat beloftes gedaan werden aan Mehdi Kassou, pastoor Dani\u00ebl Alliet, advocaten Alexis Deswaef en Marie-Pierre Buisseret. Staatssecretaris Sammy Mahdi gaf zijn... Lees meer","og_url":"https:\/\/www.elsrochette.brussels\/fr\/antiracisme-en-gelijke-kansen\/dringend-nood-aan-duidelijke-criteria-bij-regularisatieaanvragen\/","og_site_name":"Els Rochette","article_published_time":"2021-11-03T15:24:57+00:00","article_modified_time":"2021-11-09T09:48:03+00:00","og_image":[{"width":1920,"height":1280,"url":"https:\/\/www.elsrochette.brussels\/wp-content\/uploads\/2021\/07\/1f508cb0-ba6b-4a2b-8b1c-cc6d9c82ffc3.jpg","type":"image\/jpeg"}],"author":"Robin CUVILLIER","twitter_card":"summary_large_image","twitter_misc":{"\u00c9crit par":"Robin CUVILLIER","Dur\u00e9e de lecture est.":"2 minutes"},"schema":{"@context":"https:\/\/schema.org","@graph":[{"@type":"WebPage","@id":"https:\/\/www.elsrochette.brussels\/antiracisme-en-gelijke-kansen\/dringend-nood-aan-duidelijke-criteria-bij-regularisatieaanvragen\/","url":"https:\/\/www.elsrochette.brussels\/antiracisme-en-gelijke-kansen\/dringend-nood-aan-duidelijke-criteria-bij-regularisatieaanvragen\/","name":"Dringend nood aan duidelijke criteria bij regularisatieaanvragen - Els Rochette","isPartOf":{"@id":"https:\/\/www.elsrochette.brussels\/#website"},"primaryImageOfPage":{"@id":"https:\/\/www.elsrochette.brussels\/antiracisme-en-gelijke-kansen\/dringend-nood-aan-duidelijke-criteria-bij-regularisatieaanvragen\/#primaryimage"},"image":{"@id":"https:\/\/www.elsrochette.brussels\/antiracisme-en-gelijke-kansen\/dringend-nood-aan-duidelijke-criteria-bij-regularisatieaanvragen\/#primaryimage"},"thumbnailUrl":"https:\/\/www.elsrochette.brussels\/wp-content\/uploads\/2021\/07\/1f508cb0-ba6b-4a2b-8b1c-cc6d9c82ffc3.jpg","datePublished":"2021-11-03T15:24:57+00:00","dateModified":"2021-11-09T09:48:03+00:00","author":{"@id":"https:\/\/www.elsrochette.brussels\/#\/schema\/person\/389fd1b6ea7d132cef3dd1222f57fcb0"},"breadcrumb":{"@id":"https:\/\/www.elsrochette.brussels\/antiracisme-en-gelijke-kansen\/dringend-nood-aan-duidelijke-criteria-bij-regularisatieaanvragen\/#breadcrumb"},"inLanguage":"fr-BE","potentialAction":[{"@type":"ReadAction","target":["https:\/\/www.elsrochette.brussels\/antiracisme-en-gelijke-kansen\/dringend-nood-aan-duidelijke-criteria-bij-regularisatieaanvragen\/"]}]},{"@type":"ImageObject","inLanguage":"fr-BE","@id":"https:\/\/www.elsrochette.brussels\/antiracisme-en-gelijke-kansen\/dringend-nood-aan-duidelijke-criteria-bij-regularisatieaanvragen\/#primaryimage","url":"https:\/\/www.elsrochette.brussels\/wp-content\/uploads\/2021\/07\/1f508cb0-ba6b-4a2b-8b1c-cc6d9c82ffc3.jpg","contentUrl":"https:\/\/www.elsrochette.brussels\/wp-content\/uploads\/2021\/07\/1f508cb0-ba6b-4a2b-8b1c-cc6d9c82ffc3.jpg","width":1920,"height":1280},{"@type":"BreadcrumbList","@id":"https:\/\/www.elsrochette.brussels\/antiracisme-en-gelijke-kansen\/dringend-nood-aan-duidelijke-criteria-bij-regularisatieaanvragen\/#breadcrumb","itemListElement":[{"@type":"ListItem","position":1,"name":"Home","item":"https:\/\/www.elsrochette.brussels\/"},{"@type":"ListItem","position":2,"name":"Dringend nood aan duidelijke criteria bij regularisatieaanvragen"}]},{"@type":"WebSite","@id":"https:\/\/www.elsrochette.brussels\/#website","url":"https:\/\/www.elsrochette.brussels\/","name":"Els Rochette","description":"","potentialAction":[{"@type":"SearchAction","target":{"@type":"EntryPoint","urlTemplate":"https:\/\/www.elsrochette.brussels\/?s={search_term_string}"},"query-input":"required name=search_term_string"}],"inLanguage":"fr-BE"},{"@type":"Person","@id":"https:\/\/www.elsrochette.brussels\/#\/schema\/person\/389fd1b6ea7d132cef3dd1222f57fcb0","name":"Robin CUVILLIER"}]}},"_links":{"self":[{"href":"https:\/\/www.elsrochette.brussels\/fr\/wp-json\/wp\/v2\/posts\/1337","targetHints":{"allow":["GET"]}}],"collection":[{"href":"https:\/\/www.elsrochette.brussels\/fr\/wp-json\/wp\/v2\/posts"}],"about":[{"href":"https:\/\/www.elsrochette.brussels\/fr\/wp-json\/wp\/v2\/types\/post"}],"author":[{"embeddable":true,"href":"https:\/\/www.elsrochette.brussels\/fr\/wp-json\/wp\/v2\/users\/1"}],"replies":[{"embeddable":true,"href":"https:\/\/www.elsrochette.brussels\/fr\/wp-json\/wp\/v2\/comments?post=1337"}],"version-history":[{"count":6,"href":"https:\/\/www.elsrochette.brussels\/fr\/wp-json\/wp\/v2\/posts\/1337\/revisions"}],"predecessor-version":[{"id":1361,"href":"https:\/\/www.elsrochette.brussels\/fr\/wp-json\/wp\/v2\/posts\/1337\/revisions\/1361"}],"wp:featuredmedia":[{"embeddable":true,"href":"https:\/\/www.elsrochette.brussels\/fr\/wp-json\/wp\/v2\/media\/1062"}],"wp:attachment":[{"href":"https:\/\/www.elsrochette.brussels\/fr\/wp-json\/wp\/v2\/media?parent=1337"}],"wp:term":[{"taxonomy":"category","embeddable":true,"href":"https:\/\/www.elsrochette.brussels\/fr\/wp-json\/wp\/v2\/categories?post=1337"},{"taxonomy":"post_tag","embeddable":true,"href":"https:\/\/www.elsrochette.brussels\/fr\/wp-json\/wp\/v2\/tags?post=1337"}],"curies":[{"name":"wp","href":"https:\/\/api.w.org\/{rel}","templated":true}]}}