{"id":409,"date":"2020-11-20T10:42:00","date_gmt":"2020-11-20T10:42:00","guid":{"rendered":"https:\/\/www.dev.elsrochette.brussels\/?p=409"},"modified":"2021-07-07T12:49:05","modified_gmt":"2021-07-07T12:49:05","slug":"we-komen-op-voor-de-gelijkheid-mannen-en-vrouwen-zonder-intersexe-personen-uit-het-oog-te-verliezen","status":"publish","type":"post","link":"https:\/\/www.elsrochette.brussels\/fr\/antiracisme-en-gelijke-kansen\/we-komen-op-voor-de-gelijkheid-mannen-en-vrouwen-zonder-intersexe-personen-uit-het-oog-te-verliezen\/","title":{"rendered":"\u00abNous d\u00e9fendons l'\u00e9galit\u00e9 entre les hommes et les femmes, sans perdre de vue les personnes intersexes\u00bb"},"content":{"rendered":"<h2 class=\"wp-block-heading\">Le Parlement bruxellois approuve l'ordonnance sur l'alternance obligatoire des candidats masculins et f\u00e9minins sur les listes \u00e9lectorales r\u00e9gionales<\/h2>\n\n\n\n<p>Aujourd'hui, le Parlement bruxellois a approuv\u00e9 une ordonnance qui prescrit l'alternance des candidats masculins et f\u00e9minins sur les listes \u00e9lectorales r\u00e9gionales. Cela devrait accro\u00eetre encore l'\u00e9galit\u00e9 des sexes au sein du parlement apr\u00e8s les prochaines \u00e9lections. En tant que coauteur de l'ordonnance, Els Rochette (one.brussels) s'est engag\u00e9e \u00e0 faire en sorte que les droits des personnes transgenres et intersexes soient \u00e9galement pris en compte.&nbsp;<\/p>\n\n\n\n<blockquote class=\"wp-block-quote is-style-default is-layout-flow wp-block-quote-is-layout-flow\"><p>\u00abIl est regrettable qu\u2019en 2020, nous devions encore adopter une telle ordonnance. M\u00eame si d'\u00e9normes progr\u00e8s ont \u00e9t\u00e9 accomplis ces derni\u00e8res ann\u00e9es, dans la repr\u00e9sentation paritaire des hommes et des femmes, et le parlement bruxellois en est un bon exemple, il reste du chemin \u00e0 parcourir pour parvenir \u00e0 une \u00e9galit\u00e9 parfaite.\u00bb<\/p><\/blockquote>\n\n\n\n<p>S'il existe des r\u00e8gles contraignantes pour arriver \u00e0 une \u00e9galit\u00e9 homme-femme, nous ne devons pas oublier le groupe des personnes intersexes. Els Rochette (one.brussels): <\/p>\n\n\n\n<blockquote class=\"wp-block-quote is-style-default is-layout-flow wp-block-quote-is-layout-flow\"><p>\u00abL'\u00e9galit\u00e9 homme-femme est extr\u00eamement importante, et quand nous en parlons, nous ne pouvons pas perdre de vue le fait que dans notre pays (et dans le monde), environ 5% de la population sont des personnes transgenres et\/ou intersexes. Le chemin sera long chemin, et \u00e9norm\u00e9ment reste \u00e0 faire pour une prise de conscience des diff\u00e9rentes situations de genre et\/ou de sexe. Il est tr\u00e8s important de prot\u00e9ger leurs droits et je suis donc tr\u00e8s heureuse que ce groupe soit nomm\u00e9 de mani\u00e8re explicite dans cette ordonnance.\u00bb<\/p><\/blockquote>\n\n\n\n<p>Cette ordonnance devra \u00eatre pr\u00e9cis\u00e9e dans le domaine du droit des personnes \u00e0 pouvoir d\u00e9terminer leur propre sexe, si elles ne se consid\u00e8rent pas comme \u00e9tant du genre masculin ou f\u00e9minin. Un changement de cadre juridique au niveau f\u00e9d\u00e9ral avec la reconnaissance du caract\u00e8re non binaire, en plus du sexe masculin et f\u00e9minin, est ici n\u00e9cessaire.<\/p>\n\n\n\n<p>Pendant ce temps, le secr\u00e9taire f\u00e9d\u00e9ral \u00e0 la Justice, Vincent Van Quickenborne, a r\u00e9cemment indiqu\u00e9 dans son expos\u00e9 d'orientation politique qu'il travaillera \u00e0 mettre en \u0153uvre la neutralit\u00e9 de genre et \u00e0 permettre aux citoyens non binaires d'utiliser l'identifiant de genre \u00abX\u00bb. \u00c0 partir du moment o\u00f9 cela sera r\u00e9alis\u00e9 au niveau f\u00e9d\u00e9ral, nous devrons adapter cette ordonnance en cons\u00e9quence.<\/p>\n\n\n\n<blockquote class=\"wp-block-quote is-style-default is-layout-flow wp-block-quote-is-layout-flow\"><p>\u00abNous continuons de d\u00e9fendre l'\u00e9galit\u00e9 entre les hommes et les femmes, sans perdre de vue les personnes intersexes. Il est important que ces personnes ne rencontrent aucun obstacle pour acc\u00e9der aux listes \u00e9lectorales. C'est pourquoi il s'agit d'une ordonnance sp\u00e9ciale et importante pour nous.\u00bb&nbsp;<\/p><\/blockquote>\n\n\n\n<p>Visionnez aussi la <a href=\"https:\/\/www.facebook.com\/elsrochette.onebrussels\/videos\/4025009764194035\">video de mon intervention<\/a>.<\/p>","protected":false},"excerpt":{"rendered":"Brussels Parlement stemt in met ordonnantie over verplichte afwisseling mannelijke en vrouwelijke kandidaten op gewestelijke kieslijsten Vandaag stemde het Brussels Parlement in met een ordonnantie die&nbsp;een afwisseling van mannelijke en vrouwelijke kandidaten op de gewestelijke kieslijsten voorschrijft. Hierdoor moet&nbsp;de gendergelijkheid binnen het parlement nog verder toenemen na de volgende verkiezingen.&nbsp;Als mede-indiener van de ordonnantie zette&#8230; <a class=\"meer\" href=\"https:\/\/www.elsrochette.brussels\/fr\/antiracisme-en-gelijke-kansen\/we-komen-op-voor-de-gelijkheid-mannen-en-vrouwen-zonder-intersexe-personen-uit-het-oog-te-verliezen\/\">Lees meer<\/a>","protected":false},"author":1,"featured_media":966,"comment_status":"open","ping_status":"open","sticky":false,"template":"","format":"standard","meta":{"footnotes":""},"categories":[12],"tags":[],"class_list":["post-409","post","type-post","status-publish","format-standard","has-post-thumbnail","hentry","category-antiracisme-en-gelijke-kansen"],"yoast_head":"<!-- This site is optimized with the Yoast SEO plugin v22.7 - https:\/\/yoast.com\/wordpress\/plugins\/seo\/ -->\n<title>Opkomen voor de gelijkheid mannen en vrouwen, intersekse personen niet vergeten - Els Rochette<\/title>\n<meta name=\"robots\" content=\"index, follow, max-snippet:-1, max-image-preview:large, max-video-preview:-1\" \/>\n<link rel=\"canonical\" href=\"https:\/\/www.elsrochette.brussels\/fr\/antiracisme-en-gelijke-kansen\/we-komen-op-voor-de-gelijkheid-mannen-en-vrouwen-zonder-intersexe-personen-uit-het-oog-te-verliezen\/\" \/>\n<meta property=\"og:locale\" content=\"fr_FR\" \/>\n<meta property=\"og:type\" content=\"article\" \/>\n<meta property=\"og:title\" content=\"Opkomen voor de gelijkheid mannen en vrouwen, intersekse personen niet vergeten - Els Rochette\" \/>\n<meta property=\"og:description\" content=\"Brussels Parlement stemt in met ordonnantie over verplichte afwisseling mannelijke en vrouwelijke kandidaten op gewestelijke kieslijsten Vandaag stemde het Brussels Parlement in met een ordonnantie die&nbsp;een afwisseling van mannelijke en vrouwelijke kandidaten op de gewestelijke kieslijsten voorschrijft. Hierdoor moet&nbsp;de gendergelijkheid binnen het parlement nog verder toenemen na de volgende verkiezingen.&nbsp;Als mede-indiener van de ordonnantie zette... Lees meer\" \/>\n<meta property=\"og:url\" content=\"https:\/\/www.elsrochette.brussels\/fr\/antiracisme-en-gelijke-kansen\/we-komen-op-voor-de-gelijkheid-mannen-en-vrouwen-zonder-intersexe-personen-uit-het-oog-te-verliezen\/\" \/>\n<meta property=\"og:site_name\" content=\"Els Rochette\" \/>\n<meta property=\"article:published_time\" content=\"2020-11-20T10:42:00+00:00\" \/>\n<meta property=\"article:modified_time\" content=\"2021-07-07T12:49:05+00:00\" \/>\n<meta property=\"og:image\" content=\"https:\/\/www.elsrochette.brussels\/wp-content\/uploads\/2020\/11\/elyssa-fahndrich-2y1W1l4a2VI-unsplash-copy-scaled.jpg\" \/>\n\t<meta property=\"og:image:width\" content=\"2480\" \/>\n\t<meta property=\"og:image:height\" content=\"1654\" \/>\n\t<meta property=\"og:image:type\" content=\"image\/jpeg\" \/>\n<meta name=\"author\" content=\"Robin CUVILLIER\" \/>\n<meta name=\"twitter:card\" content=\"summary_large_image\" \/>\n<meta name=\"twitter:label1\" content=\"\u00c9crit par\" \/>\n\t<meta name=\"twitter:data1\" content=\"Robin CUVILLIER\" \/>\n\t<meta name=\"twitter:label2\" content=\"Dur\u00e9e de lecture est.\" \/>\n\t<meta name=\"twitter:data2\" content=\"2 minutes\" \/>\n<script type=\"application\/ld+json\" class=\"yoast-schema-graph\">{\"@context\":\"https:\/\/schema.org\",\"@graph\":[{\"@type\":\"WebPage\",\"@id\":\"https:\/\/www.elsrochette.brussels\/antiracisme-en-gelijke-kansen\/we-komen-op-voor-de-gelijkheid-mannen-en-vrouwen-zonder-intersexe-personen-uit-het-oog-te-verliezen\/\",\"url\":\"https:\/\/www.elsrochette.brussels\/antiracisme-en-gelijke-kansen\/we-komen-op-voor-de-gelijkheid-mannen-en-vrouwen-zonder-intersexe-personen-uit-het-oog-te-verliezen\/\",\"name\":\"Opkomen voor de gelijkheid mannen en vrouwen, intersekse personen niet vergeten - Els Rochette\",\"isPartOf\":{\"@id\":\"https:\/\/www.elsrochette.brussels\/#website\"},\"primaryImageOfPage\":{\"@id\":\"https:\/\/www.elsrochette.brussels\/antiracisme-en-gelijke-kansen\/we-komen-op-voor-de-gelijkheid-mannen-en-vrouwen-zonder-intersexe-personen-uit-het-oog-te-verliezen\/#primaryimage\"},\"image\":{\"@id\":\"https:\/\/www.elsrochette.brussels\/antiracisme-en-gelijke-kansen\/we-komen-op-voor-de-gelijkheid-mannen-en-vrouwen-zonder-intersexe-personen-uit-het-oog-te-verliezen\/#primaryimage\"},\"thumbnailUrl\":\"https:\/\/www.elsrochette.brussels\/wp-content\/uploads\/2020\/11\/elyssa-fahndrich-2y1W1l4a2VI-unsplash-copy-scaled.jpg\",\"datePublished\":\"2020-11-20T10:42:00+00:00\",\"dateModified\":\"2021-07-07T12:49:05+00:00\",\"author\":{\"@id\":\"https:\/\/www.elsrochette.brussels\/#\/schema\/person\/389fd1b6ea7d132cef3dd1222f57fcb0\"},\"breadcrumb\":{\"@id\":\"https:\/\/www.elsrochette.brussels\/antiracisme-en-gelijke-kansen\/we-komen-op-voor-de-gelijkheid-mannen-en-vrouwen-zonder-intersexe-personen-uit-het-oog-te-verliezen\/#breadcrumb\"},\"inLanguage\":\"fr-BE\",\"potentialAction\":[{\"@type\":\"ReadAction\",\"target\":[\"https:\/\/www.elsrochette.brussels\/antiracisme-en-gelijke-kansen\/we-komen-op-voor-de-gelijkheid-mannen-en-vrouwen-zonder-intersexe-personen-uit-het-oog-te-verliezen\/\"]}]},{\"@type\":\"ImageObject\",\"inLanguage\":\"fr-BE\",\"@id\":\"https:\/\/www.elsrochette.brussels\/antiracisme-en-gelijke-kansen\/we-komen-op-voor-de-gelijkheid-mannen-en-vrouwen-zonder-intersexe-personen-uit-het-oog-te-verliezen\/#primaryimage\",\"url\":\"https:\/\/www.elsrochette.brussels\/wp-content\/uploads\/2020\/11\/elyssa-fahndrich-2y1W1l4a2VI-unsplash-copy-scaled.jpg\",\"contentUrl\":\"https:\/\/www.elsrochette.brussels\/wp-content\/uploads\/2020\/11\/elyssa-fahndrich-2y1W1l4a2VI-unsplash-copy-scaled.jpg\",\"width\":2480,\"height\":1654},{\"@type\":\"BreadcrumbList\",\"@id\":\"https:\/\/www.elsrochette.brussels\/antiracisme-en-gelijke-kansen\/we-komen-op-voor-de-gelijkheid-mannen-en-vrouwen-zonder-intersexe-personen-uit-het-oog-te-verliezen\/#breadcrumb\",\"itemListElement\":[{\"@type\":\"ListItem\",\"position\":1,\"name\":\"Home\",\"item\":\"https:\/\/www.elsrochette.brussels\/\"},{\"@type\":\"ListItem\",\"position\":2,\"name\":\"Opkomen voor de gelijkheid mannen en vrouwen, intersekse personen niet vergeten\"}]},{\"@type\":\"WebSite\",\"@id\":\"https:\/\/www.elsrochette.brussels\/#website\",\"url\":\"https:\/\/www.elsrochette.brussels\/\",\"name\":\"Els Rochette\",\"description\":\"\",\"potentialAction\":[{\"@type\":\"SearchAction\",\"target\":{\"@type\":\"EntryPoint\",\"urlTemplate\":\"https:\/\/www.elsrochette.brussels\/?s={search_term_string}\"},\"query-input\":\"required name=search_term_string\"}],\"inLanguage\":\"fr-BE\"},{\"@type\":\"Person\",\"@id\":\"https:\/\/www.elsrochette.brussels\/#\/schema\/person\/389fd1b6ea7d132cef3dd1222f57fcb0\",\"name\":\"Robin CUVILLIER\"}]}<\/script>\n<!-- \/ Yoast SEO plugin. -->","yoast_head_json":{"title":"Opkomen voor de gelijkheid mannen en vrouwen, intersekse personen niet vergeten - Els Rochette","robots":{"index":"index","follow":"follow","max-snippet":"max-snippet:-1","max-image-preview":"max-image-preview:large","max-video-preview":"max-video-preview:-1"},"canonical":"https:\/\/www.elsrochette.brussels\/fr\/antiracisme-en-gelijke-kansen\/we-komen-op-voor-de-gelijkheid-mannen-en-vrouwen-zonder-intersexe-personen-uit-het-oog-te-verliezen\/","og_locale":"fr_FR","og_type":"article","og_title":"Opkomen voor de gelijkheid mannen en vrouwen, intersekse personen niet vergeten - Els Rochette","og_description":"Brussels Parlement stemt in met ordonnantie over verplichte afwisseling mannelijke en vrouwelijke kandidaten op gewestelijke kieslijsten Vandaag stemde het Brussels Parlement in met een ordonnantie die&nbsp;een afwisseling van mannelijke en vrouwelijke kandidaten op de gewestelijke kieslijsten voorschrijft. Hierdoor moet&nbsp;de gendergelijkheid binnen het parlement nog verder toenemen na de volgende verkiezingen.&nbsp;Als mede-indiener van de ordonnantie zette... Lees meer","og_url":"https:\/\/www.elsrochette.brussels\/fr\/antiracisme-en-gelijke-kansen\/we-komen-op-voor-de-gelijkheid-mannen-en-vrouwen-zonder-intersexe-personen-uit-het-oog-te-verliezen\/","og_site_name":"Els Rochette","article_published_time":"2020-11-20T10:42:00+00:00","article_modified_time":"2021-07-07T12:49:05+00:00","og_image":[{"width":2480,"height":1654,"url":"https:\/\/www.elsrochette.brussels\/wp-content\/uploads\/2020\/11\/elyssa-fahndrich-2y1W1l4a2VI-unsplash-copy-scaled.jpg","type":"image\/jpeg"}],"author":"Robin CUVILLIER","twitter_card":"summary_large_image","twitter_misc":{"\u00c9crit par":"Robin CUVILLIER","Dur\u00e9e de lecture est.":"2 minutes"},"schema":{"@context":"https:\/\/schema.org","@graph":[{"@type":"WebPage","@id":"https:\/\/www.elsrochette.brussels\/antiracisme-en-gelijke-kansen\/we-komen-op-voor-de-gelijkheid-mannen-en-vrouwen-zonder-intersexe-personen-uit-het-oog-te-verliezen\/","url":"https:\/\/www.elsrochette.brussels\/antiracisme-en-gelijke-kansen\/we-komen-op-voor-de-gelijkheid-mannen-en-vrouwen-zonder-intersexe-personen-uit-het-oog-te-verliezen\/","name":"Opkomen voor de gelijkheid mannen en vrouwen, intersekse personen niet vergeten - Els Rochette","isPartOf":{"@id":"https:\/\/www.elsrochette.brussels\/#website"},"primaryImageOfPage":{"@id":"https:\/\/www.elsrochette.brussels\/antiracisme-en-gelijke-kansen\/we-komen-op-voor-de-gelijkheid-mannen-en-vrouwen-zonder-intersexe-personen-uit-het-oog-te-verliezen\/#primaryimage"},"image":{"@id":"https:\/\/www.elsrochette.brussels\/antiracisme-en-gelijke-kansen\/we-komen-op-voor-de-gelijkheid-mannen-en-vrouwen-zonder-intersexe-personen-uit-het-oog-te-verliezen\/#primaryimage"},"thumbnailUrl":"https:\/\/www.elsrochette.brussels\/wp-content\/uploads\/2020\/11\/elyssa-fahndrich-2y1W1l4a2VI-unsplash-copy-scaled.jpg","datePublished":"2020-11-20T10:42:00+00:00","dateModified":"2021-07-07T12:49:05+00:00","author":{"@id":"https:\/\/www.elsrochette.brussels\/#\/schema\/person\/389fd1b6ea7d132cef3dd1222f57fcb0"},"breadcrumb":{"@id":"https:\/\/www.elsrochette.brussels\/antiracisme-en-gelijke-kansen\/we-komen-op-voor-de-gelijkheid-mannen-en-vrouwen-zonder-intersexe-personen-uit-het-oog-te-verliezen\/#breadcrumb"},"inLanguage":"fr-BE","potentialAction":[{"@type":"ReadAction","target":["https:\/\/www.elsrochette.brussels\/antiracisme-en-gelijke-kansen\/we-komen-op-voor-de-gelijkheid-mannen-en-vrouwen-zonder-intersexe-personen-uit-het-oog-te-verliezen\/"]}]},{"@type":"ImageObject","inLanguage":"fr-BE","@id":"https:\/\/www.elsrochette.brussels\/antiracisme-en-gelijke-kansen\/we-komen-op-voor-de-gelijkheid-mannen-en-vrouwen-zonder-intersexe-personen-uit-het-oog-te-verliezen\/#primaryimage","url":"https:\/\/www.elsrochette.brussels\/wp-content\/uploads\/2020\/11\/elyssa-fahndrich-2y1W1l4a2VI-unsplash-copy-scaled.jpg","contentUrl":"https:\/\/www.elsrochette.brussels\/wp-content\/uploads\/2020\/11\/elyssa-fahndrich-2y1W1l4a2VI-unsplash-copy-scaled.jpg","width":2480,"height":1654},{"@type":"BreadcrumbList","@id":"https:\/\/www.elsrochette.brussels\/antiracisme-en-gelijke-kansen\/we-komen-op-voor-de-gelijkheid-mannen-en-vrouwen-zonder-intersexe-personen-uit-het-oog-te-verliezen\/#breadcrumb","itemListElement":[{"@type":"ListItem","position":1,"name":"Home","item":"https:\/\/www.elsrochette.brussels\/"},{"@type":"ListItem","position":2,"name":"Opkomen voor de gelijkheid mannen en vrouwen, intersekse personen niet vergeten"}]},{"@type":"WebSite","@id":"https:\/\/www.elsrochette.brussels\/#website","url":"https:\/\/www.elsrochette.brussels\/","name":"Els Rochette","description":"","potentialAction":[{"@type":"SearchAction","target":{"@type":"EntryPoint","urlTemplate":"https:\/\/www.elsrochette.brussels\/?s={search_term_string}"},"query-input":"required name=search_term_string"}],"inLanguage":"fr-BE"},{"@type":"Person","@id":"https:\/\/www.elsrochette.brussels\/#\/schema\/person\/389fd1b6ea7d132cef3dd1222f57fcb0","name":"Robin CUVILLIER"}]}},"_links":{"self":[{"href":"https:\/\/www.elsrochette.brussels\/fr\/wp-json\/wp\/v2\/posts\/409","targetHints":{"allow":["GET"]}}],"collection":[{"href":"https:\/\/www.elsrochette.brussels\/fr\/wp-json\/wp\/v2\/posts"}],"about":[{"href":"https:\/\/www.elsrochette.brussels\/fr\/wp-json\/wp\/v2\/types\/post"}],"author":[{"embeddable":true,"href":"https:\/\/www.elsrochette.brussels\/fr\/wp-json\/wp\/v2\/users\/1"}],"replies":[{"embeddable":true,"href":"https:\/\/www.elsrochette.brussels\/fr\/wp-json\/wp\/v2\/comments?post=409"}],"version-history":[{"count":4,"href":"https:\/\/www.elsrochette.brussels\/fr\/wp-json\/wp\/v2\/posts\/409\/revisions"}],"predecessor-version":[{"id":664,"href":"https:\/\/www.elsrochette.brussels\/fr\/wp-json\/wp\/v2\/posts\/409\/revisions\/664"}],"wp:featuredmedia":[{"embeddable":true,"href":"https:\/\/www.elsrochette.brussels\/fr\/wp-json\/wp\/v2\/media\/966"}],"wp:attachment":[{"href":"https:\/\/www.elsrochette.brussels\/fr\/wp-json\/wp\/v2\/media?parent=409"}],"wp:term":[{"taxonomy":"category","embeddable":true,"href":"https:\/\/www.elsrochette.brussels\/fr\/wp-json\/wp\/v2\/categories?post=409"},{"taxonomy":"post_tag","embeddable":true,"href":"https:\/\/www.elsrochette.brussels\/fr\/wp-json\/wp\/v2\/tags?post=409"}],"curies":[{"name":"wp","href":"https:\/\/api.w.org\/{rel}","templated":true}]}}