{"id":4332,"date":"2024-05-13T10:05:40","date_gmt":"2024-05-13T10:05:40","guid":{"rendered":"https:\/\/www.elsrochette.brussels\/?p=4332"},"modified":"2024-05-13T10:14:51","modified_gmt":"2024-05-13T10:14:51","slug":"op-campagne","status":"publish","type":"post","link":"https:\/\/www.elsrochette.brussels\/fr\/varia\/op-campagne\/","title":{"rendered":"En campagne"},"content":{"rendered":"<p><strong>C'est calme sur ce site, mais moi, par contre, je ne reste pas assise. Apr\u00e8s tout, je suis en campagne.<\/strong><\/p>\n\n\n\n<p>Je suis candidat sur la liste Vooruit.brussels, place 4 pour le Parlement bruxellois. C'est pourquoi je suis souvent parmi les gens et sur la route. <\/p>\n\n\n\n<p>Vous \u00eates bruxellois et vous souhaitez organiser un salon-d\u00e9bat ? J'aimerais vous rendre visite.<\/p>\n\n\n\n<p>Mais peut-\u00eatre qu'on se croisera dans la rue. Dans tous les cas : \u00e0 bient\u00f4t. <\/p>\n\n\n\n<p>\u00c0 mes supporters : un grand merci.<\/p>\n\n\n\n<h2 class=\"wp-block-heading\">En savoir plus ?<\/h2>\n\n\n\n<p>Consultez ma page <a href=\"https:\/\/www.facebook.com\/elsrochette.onebrussels\">Facebook<\/a> ou X pour les mises \u00e0 jour.<\/p>\n\n\n\n<p>Sur le site <a href=\"https:\/\/www.vooruit.brussels\">Vooruit.brussels<\/a> vous trouverez toutes les informations sur le <a href=\"https:\/\/www.vooruit.brussels\/waar-we-voor-strijden\/\">programme<\/a> et les autres<a href=\"https:\/\/www.vooruit.brussels\/onze-kandidaten\/\">candidats<\/a> <\/p>\n\n\n\n<p>Si vous souhaitez accrocher une affiche \u00e0 votre fen\u00eatre, <a href=\"https:\/\/www.elsrochette.brussels\/fr\/contact\/\">n'h\u00e9sitez pas \u00e0 me le faire savoir<\/a>.<\/p>\n\n\n\n<p>Vous trouverez mon agenda (une partie) sur ce site.<\/p>\n\n\n\n<p><\/p>","protected":false},"excerpt":{"rendered":"Het is stil op deze site, maar ikzelf daarentegen zit niet stil. Ik ben immers op campagne. Ik ben kandidaat op de lijst Vooruit.brussels, plaats 4 voor het Brussels Parlement. Vandaar dat ik onder de mensen ben en veel op pad. Ben je een Brusselaar en wil je een huiskamerdebat organiseren? Ik kom heel graag&#8230; <a class=\"meer\" href=\"https:\/\/www.elsrochette.brussels\/fr\/varia\/op-campagne\/\">Lees meer<\/a>","protected":false},"author":12,"featured_media":4334,"comment_status":"open","ping_status":"open","sticky":false,"template":"","format":"standard","meta":{"footnotes":""},"categories":[13],"tags":[],"class_list":["post-4332","post","type-post","status-publish","format-standard","has-post-thumbnail","hentry","category-varia"],"yoast_head":"<!-- This site is optimized with the Yoast SEO plugin v22.7 - https:\/\/yoast.com\/wordpress\/plugins\/seo\/ -->\n<title>Op campagne - Els Rochette<\/title>\n<meta name=\"robots\" content=\"index, follow, max-snippet:-1, max-image-preview:large, max-video-preview:-1\" \/>\n<link rel=\"canonical\" href=\"https:\/\/www.elsrochette.brussels\/fr\/varia\/op-campagne\/\" \/>\n<meta property=\"og:locale\" content=\"fr_FR\" \/>\n<meta property=\"og:type\" content=\"article\" \/>\n<meta property=\"og:title\" content=\"Op campagne - Els Rochette\" \/>\n<meta property=\"og:description\" content=\"Het is stil op deze site, maar ikzelf daarentegen zit niet stil. Ik ben immers op campagne. Ik ben kandidaat op de lijst Vooruit.brussels, plaats 4 voor het Brussels Parlement. Vandaar dat ik onder de mensen ben en veel op pad. Ben je een Brusselaar en wil je een huiskamerdebat organiseren? Ik kom heel graag... Lees meer\" \/>\n<meta property=\"og:url\" content=\"https:\/\/www.elsrochette.brussels\/fr\/varia\/op-campagne\/\" \/>\n<meta property=\"og:site_name\" content=\"Els Rochette\" \/>\n<meta property=\"article:published_time\" content=\"2024-05-13T10:05:40+00:00\" \/>\n<meta property=\"article:modified_time\" content=\"2024-05-13T10:14:51+00:00\" \/>\n<meta property=\"og:image\" content=\"https:\/\/www.elsrochette.brussels\/wp-content\/uploads\/2024\/05\/PHOTO-2024-04-11-17-13-28.jpg\" \/>\n\t<meta property=\"og:image:width\" content=\"1510\" \/>\n\t<meta property=\"og:image:height\" content=\"1320\" \/>\n\t<meta property=\"og:image:type\" content=\"image\/jpeg\" \/>\n<meta name=\"author\" content=\"Katelijne\" \/>\n<meta name=\"twitter:card\" content=\"summary_large_image\" \/>\n<meta name=\"twitter:label1\" content=\"\u00c9crit par\" \/>\n\t<meta name=\"twitter:data1\" content=\"Katelijne\" \/>\n\t<meta name=\"twitter:label2\" content=\"Dur\u00e9e de lecture est.\" \/>\n\t<meta name=\"twitter:data2\" content=\"1 minute\" \/>\n<script type=\"application\/ld+json\" class=\"yoast-schema-graph\">{\"@context\":\"https:\/\/schema.org\",\"@graph\":[{\"@type\":\"WebPage\",\"@id\":\"https:\/\/www.elsrochette.brussels\/varia\/op-campagne\/\",\"url\":\"https:\/\/www.elsrochette.brussels\/varia\/op-campagne\/\",\"name\":\"Op campagne - Els Rochette\",\"isPartOf\":{\"@id\":\"https:\/\/www.elsrochette.brussels\/#website\"},\"primaryImageOfPage\":{\"@id\":\"https:\/\/www.elsrochette.brussels\/varia\/op-campagne\/#primaryimage\"},\"image\":{\"@id\":\"https:\/\/www.elsrochette.brussels\/varia\/op-campagne\/#primaryimage\"},\"thumbnailUrl\":\"https:\/\/www.elsrochette.brussels\/wp-content\/uploads\/2024\/05\/PHOTO-2024-04-11-17-13-28.jpg\",\"datePublished\":\"2024-05-13T10:05:40+00:00\",\"dateModified\":\"2024-05-13T10:14:51+00:00\",\"author\":{\"@id\":\"https:\/\/www.elsrochette.brussels\/#\/schema\/person\/fa765462a2aff2554ce9c31d686e332e\"},\"breadcrumb\":{\"@id\":\"https:\/\/www.elsrochette.brussels\/varia\/op-campagne\/#breadcrumb\"},\"inLanguage\":\"fr-BE\",\"potentialAction\":[{\"@type\":\"ReadAction\",\"target\":[\"https:\/\/www.elsrochette.brussels\/varia\/op-campagne\/\"]}]},{\"@type\":\"ImageObject\",\"inLanguage\":\"fr-BE\",\"@id\":\"https:\/\/www.elsrochette.brussels\/varia\/op-campagne\/#primaryimage\",\"url\":\"https:\/\/www.elsrochette.brussels\/wp-content\/uploads\/2024\/05\/PHOTO-2024-04-11-17-13-28.jpg\",\"contentUrl\":\"https:\/\/www.elsrochette.brussels\/wp-content\/uploads\/2024\/05\/PHOTO-2024-04-11-17-13-28.jpg\",\"width\":1510,\"height\":1320},{\"@type\":\"BreadcrumbList\",\"@id\":\"https:\/\/www.elsrochette.brussels\/varia\/op-campagne\/#breadcrumb\",\"itemListElement\":[{\"@type\":\"ListItem\",\"position\":1,\"name\":\"Home\",\"item\":\"https:\/\/www.elsrochette.brussels\/\"},{\"@type\":\"ListItem\",\"position\":2,\"name\":\"Op campagne\"}]},{\"@type\":\"WebSite\",\"@id\":\"https:\/\/www.elsrochette.brussels\/#website\",\"url\":\"https:\/\/www.elsrochette.brussels\/\",\"name\":\"Els Rochette\",\"description\":\"\",\"potentialAction\":[{\"@type\":\"SearchAction\",\"target\":{\"@type\":\"EntryPoint\",\"urlTemplate\":\"https:\/\/www.elsrochette.brussels\/?s={search_term_string}\"},\"query-input\":\"required name=search_term_string\"}],\"inLanguage\":\"fr-BE\"},{\"@type\":\"Person\",\"@id\":\"https:\/\/www.elsrochette.brussels\/#\/schema\/person\/fa765462a2aff2554ce9c31d686e332e\",\"name\":\"Katelijne\"}]}<\/script>\n<!-- \/ Yoast SEO plugin. -->","yoast_head_json":{"title":"Op campagne - Els Rochette","robots":{"index":"index","follow":"follow","max-snippet":"max-snippet:-1","max-image-preview":"max-image-preview:large","max-video-preview":"max-video-preview:-1"},"canonical":"https:\/\/www.elsrochette.brussels\/fr\/varia\/op-campagne\/","og_locale":"fr_FR","og_type":"article","og_title":"Op campagne - Els Rochette","og_description":"Het is stil op deze site, maar ikzelf daarentegen zit niet stil. Ik ben immers op campagne. Ik ben kandidaat op de lijst Vooruit.brussels, plaats 4 voor het Brussels Parlement. Vandaar dat ik onder de mensen ben en veel op pad. Ben je een Brusselaar en wil je een huiskamerdebat organiseren? Ik kom heel graag... Lees meer","og_url":"https:\/\/www.elsrochette.brussels\/fr\/varia\/op-campagne\/","og_site_name":"Els Rochette","article_published_time":"2024-05-13T10:05:40+00:00","article_modified_time":"2024-05-13T10:14:51+00:00","og_image":[{"width":1510,"height":1320,"url":"https:\/\/www.elsrochette.brussels\/wp-content\/uploads\/2024\/05\/PHOTO-2024-04-11-17-13-28.jpg","type":"image\/jpeg"}],"author":"Katelijne","twitter_card":"summary_large_image","twitter_misc":{"\u00c9crit par":"Katelijne","Dur\u00e9e de lecture est.":"1 minute"},"schema":{"@context":"https:\/\/schema.org","@graph":[{"@type":"WebPage","@id":"https:\/\/www.elsrochette.brussels\/varia\/op-campagne\/","url":"https:\/\/www.elsrochette.brussels\/varia\/op-campagne\/","name":"Op campagne - Els Rochette","isPartOf":{"@id":"https:\/\/www.elsrochette.brussels\/#website"},"primaryImageOfPage":{"@id":"https:\/\/www.elsrochette.brussels\/varia\/op-campagne\/#primaryimage"},"image":{"@id":"https:\/\/www.elsrochette.brussels\/varia\/op-campagne\/#primaryimage"},"thumbnailUrl":"https:\/\/www.elsrochette.brussels\/wp-content\/uploads\/2024\/05\/PHOTO-2024-04-11-17-13-28.jpg","datePublished":"2024-05-13T10:05:40+00:00","dateModified":"2024-05-13T10:14:51+00:00","author":{"@id":"https:\/\/www.elsrochette.brussels\/#\/schema\/person\/fa765462a2aff2554ce9c31d686e332e"},"breadcrumb":{"@id":"https:\/\/www.elsrochette.brussels\/varia\/op-campagne\/#breadcrumb"},"inLanguage":"fr-BE","potentialAction":[{"@type":"ReadAction","target":["https:\/\/www.elsrochette.brussels\/varia\/op-campagne\/"]}]},{"@type":"ImageObject","inLanguage":"fr-BE","@id":"https:\/\/www.elsrochette.brussels\/varia\/op-campagne\/#primaryimage","url":"https:\/\/www.elsrochette.brussels\/wp-content\/uploads\/2024\/05\/PHOTO-2024-04-11-17-13-28.jpg","contentUrl":"https:\/\/www.elsrochette.brussels\/wp-content\/uploads\/2024\/05\/PHOTO-2024-04-11-17-13-28.jpg","width":1510,"height":1320},{"@type":"BreadcrumbList","@id":"https:\/\/www.elsrochette.brussels\/varia\/op-campagne\/#breadcrumb","itemListElement":[{"@type":"ListItem","position":1,"name":"Home","item":"https:\/\/www.elsrochette.brussels\/"},{"@type":"ListItem","position":2,"name":"Op campagne"}]},{"@type":"WebSite","@id":"https:\/\/www.elsrochette.brussels\/#website","url":"https:\/\/www.elsrochette.brussels\/","name":"Els Rochette","description":"","potentialAction":[{"@type":"SearchAction","target":{"@type":"EntryPoint","urlTemplate":"https:\/\/www.elsrochette.brussels\/?s={search_term_string}"},"query-input":"required name=search_term_string"}],"inLanguage":"fr-BE"},{"@type":"Person","@id":"https:\/\/www.elsrochette.brussels\/#\/schema\/person\/fa765462a2aff2554ce9c31d686e332e","name":"Katelijne"}]}},"_links":{"self":[{"href":"https:\/\/www.elsrochette.brussels\/fr\/wp-json\/wp\/v2\/posts\/4332","targetHints":{"allow":["GET"]}}],"collection":[{"href":"https:\/\/www.elsrochette.brussels\/fr\/wp-json\/wp\/v2\/posts"}],"about":[{"href":"https:\/\/www.elsrochette.brussels\/fr\/wp-json\/wp\/v2\/types\/post"}],"author":[{"embeddable":true,"href":"https:\/\/www.elsrochette.brussels\/fr\/wp-json\/wp\/v2\/users\/12"}],"replies":[{"embeddable":true,"href":"https:\/\/www.elsrochette.brussels\/fr\/wp-json\/wp\/v2\/comments?post=4332"}],"version-history":[{"count":8,"href":"https:\/\/www.elsrochette.brussels\/fr\/wp-json\/wp\/v2\/posts\/4332\/revisions"}],"predecessor-version":[{"id":4345,"href":"https:\/\/www.elsrochette.brussels\/fr\/wp-json\/wp\/v2\/posts\/4332\/revisions\/4345"}],"wp:featuredmedia":[{"embeddable":true,"href":"https:\/\/www.elsrochette.brussels\/fr\/wp-json\/wp\/v2\/media\/4334"}],"wp:attachment":[{"href":"https:\/\/www.elsrochette.brussels\/fr\/wp-json\/wp\/v2\/media?parent=4332"}],"wp:term":[{"taxonomy":"category","embeddable":true,"href":"https:\/\/www.elsrochette.brussels\/fr\/wp-json\/wp\/v2\/categories?post=4332"},{"taxonomy":"post_tag","embeddable":true,"href":"https:\/\/www.elsrochette.brussels\/fr\/wp-json\/wp\/v2\/tags?post=4332"}],"curies":[{"name":"wp","href":"https:\/\/api.w.org\/{rel}","templated":true}]}}