{"id":562,"date":"2021-06-08T12:23:00","date_gmt":"2021-06-08T12:23:00","guid":{"rendered":"https:\/\/www.elsrochette.brussels\/?p=562"},"modified":"2021-07-05T14:48:47","modified_gmt":"2021-07-05T14:48:47","slug":"deelsteps-en-fietsen-eenvormige-parkeerregels-zijn-nodig","status":"publish","type":"post","link":"https:\/\/www.elsrochette.brussels\/fr\/pact-voor-brussel\/deelsteps-en-fietsen-eenvormige-parkeerregels-zijn-nodig\/","title":{"rendered":"Trottinettes et v\u00e9los partag\u00e9s : le besoin de r\u00e8gles de stationnement uniformes"},"content":{"rendered":"<p>Un d\u00e9bat s\u2019est d\u00e9roul\u00e9 aujourd\u2019hui sur la micro-mobilit\u00e9, les voitures, trottinettes et v\u00e9los partag\u00e9s l\u2019occasion de la commission Mobilit\u00e9. Un d\u00e9bat tr\u00e8s int\u00e9ressant, mais ce qui m\u2019a frapp\u00e9 c\u2019est la compr\u00e9hension unanime des parlementaires du besoin d\u2019avoir des r\u00e8gles uniformes en mati\u00e8re de stationnement de ces v\u00e9hicules. Des r\u00e8gles uniformes au niveau r\u00e9gional. Afin que tout le monde connaisse les r\u00e8gles. <\/p>\n\n\n\n<p>Il semble que les mentalit\u00e9s \u00e9voluent. Il y a une prise de conscience sur le fait qu\u2019une approche unifi\u00e9e est plus efficace. Car il est tout simplement plus efficace de disposer de r\u00e8gles claires sur les endroits o\u00f9 il est possible de stationner sa trottinette ou son v\u00e9lo partag\u00e9, avec des indications claires et identiques dans toutes les communes. Rendre Bruxelles plus simple et plus efficace, voil\u00e0 pr\u00e9cis\u00e9ment le c\u0153ur de m\u00e9tier de one.brussels.<\/p>\n\n\n\n<p><a href=\"https:\/\/www.youtube.com\/watch?v=zWB0XRzbmu8\">Revisionnez la s\u00e9ance pl\u00e9ni\u00e8re<\/a> de commissievergadering. <\/p>\n\n\n\n<p>Les intervenant.es \u00e9taient : <br>expert en \u00ab smart mobility \u00bb (Bruxelles Mobilit\u00e9)\u2028Madame Joke Beel, Program Manager MaaS &amp; New Forms of Mobility (STIB)\u2028Monsieur Mathieu Angelo, directeur du CAWaB (Collectif Accessibilite\u0301 Wallonie-Bruxelles)\u2028Monsieur Pierre de Schaetzen, CEO Billy Bike\u2028Monsieur Marien Jomier, General Manager Belgium (Dott)\u2028Madame Garance Lefe\u0300vre, Director of public policy, France &amp; Benelux (Lime)\u2028Monsieur Sylvain Niset, CEO (Poppy)\u2028Monsieur Fre\u0301de\u0301ric Van Malleghem, directeur (Cambio).<br>Mevr. Joke Beel, Program Manager MaaS &amp; New Forms of Mobility (MIVB)<br>De heer Mathieu Angelo, directeur <a href=\"https:\/\/cawab.be\/\">CAWaB<\/a> (Collectif Accessibilite\u0301 Wallonie-Bruxelles)<br>De heer Pierre de Schaetzen, CEO Billy Bike<br>De heer Marien Jomier, General Manager Belgium (Dott)<br>Mevr. Garance Lefe\u0300vre, Director of public policy, Frankrijk &amp; Benelux (Lime)<br>De heer Sylvain Niset, CEO (Poppy)<br>De heer Fre\u0301de\u0301ric Van Malleghem, directeur (Cambio).<\/p>","protected":false},"excerpt":{"rendered":"Tijdens de commissie voor Mobiliteit vandaag was er een debat over micro-mobiliteit, over deelfietsen, -steps en -auto&#8217;s. Heel interessant, maar dit vond ik pas echt frappant: alle parlementsleden zijn het ermee eens dat er eenvormige regels nodig zijn voor het parkeren van die nieuwe vervoersmiddelen. Overal in het Gewest hetzelfde. Zodat iedereen die regels begrijpt&#8230;. <a class=\"meer\" href=\"https:\/\/www.elsrochette.brussels\/fr\/pact-voor-brussel\/deelsteps-en-fietsen-eenvormige-parkeerregels-zijn-nodig\/\">Lees meer<\/a>","protected":false},"author":1,"featured_media":927,"comment_status":"open","ping_status":"open","sticky":false,"template":"","format":"standard","meta":{"footnotes":""},"categories":[1,17],"tags":[],"class_list":["post-562","post","type-post","status-publish","format-standard","has-post-thumbnail","hentry","category-mobiliteit-publieke-ruimte","category-pact-voor-brussel"],"yoast_head":"<!-- This site is optimized with the Yoast SEO plugin v22.7 - https:\/\/yoast.com\/wordpress\/plugins\/seo\/ -->\n<title>Deelsteps en -fietsen: eenvormige parkeerregels nodig - Els Rochette<\/title>\n<meta name=\"robots\" content=\"index, follow, max-snippet:-1, max-image-preview:large, max-video-preview:-1\" \/>\n<link rel=\"canonical\" href=\"https:\/\/www.elsrochette.brussels\/fr\/pact-voor-brussel\/deelsteps-en-fietsen-eenvormige-parkeerregels-zijn-nodig\/\" \/>\n<meta property=\"og:locale\" content=\"fr_FR\" \/>\n<meta property=\"og:type\" content=\"article\" \/>\n<meta property=\"og:title\" content=\"Deelsteps en -fietsen: eenvormige parkeerregels nodig - Els Rochette\" \/>\n<meta property=\"og:description\" content=\"Tijdens de commissie voor Mobiliteit vandaag was er een debat over micro-mobiliteit, over deelfietsen, -steps en -auto&#8217;s. Heel interessant, maar dit vond ik pas echt frappant: alle parlementsleden zijn het ermee eens dat er eenvormige regels nodig zijn voor het parkeren van die nieuwe vervoersmiddelen. Overal in het Gewest hetzelfde. Zodat iedereen die regels begrijpt.... Lees meer\" \/>\n<meta property=\"og:url\" content=\"https:\/\/www.elsrochette.brussels\/fr\/pact-voor-brussel\/deelsteps-en-fietsen-eenvormige-parkeerregels-zijn-nodig\/\" \/>\n<meta property=\"og:site_name\" content=\"Els Rochette\" \/>\n<meta property=\"article:published_time\" content=\"2021-06-08T12:23:00+00:00\" \/>\n<meta property=\"article:modified_time\" content=\"2021-07-05T14:48:47+00:00\" \/>\n<meta property=\"og:image\" content=\"https:\/\/www.elsrochette.brussels\/wp-content\/uploads\/2021\/07\/IMG_9436-min-scaled.jpg\" \/>\n\t<meta property=\"og:image:width\" content=\"2480\" \/>\n\t<meta property=\"og:image:height\" content=\"1654\" \/>\n\t<meta property=\"og:image:type\" content=\"image\/jpeg\" \/>\n<meta name=\"author\" content=\"Robin CUVILLIER\" \/>\n<meta name=\"twitter:card\" content=\"summary_large_image\" \/>\n<meta name=\"twitter:label1\" content=\"\u00c9crit par\" \/>\n\t<meta name=\"twitter:data1\" content=\"Robin CUVILLIER\" \/>\n\t<meta name=\"twitter:label2\" content=\"Dur\u00e9e de lecture est.\" \/>\n\t<meta name=\"twitter:data2\" content=\"1 minute\" \/>\n<script type=\"application\/ld+json\" class=\"yoast-schema-graph\">{\"@context\":\"https:\/\/schema.org\",\"@graph\":[{\"@type\":\"WebPage\",\"@id\":\"https:\/\/www.elsrochette.brussels\/pact-voor-brussel\/deelsteps-en-fietsen-eenvormige-parkeerregels-zijn-nodig\/\",\"url\":\"https:\/\/www.elsrochette.brussels\/pact-voor-brussel\/deelsteps-en-fietsen-eenvormige-parkeerregels-zijn-nodig\/\",\"name\":\"Deelsteps en -fietsen: eenvormige parkeerregels nodig - Els Rochette\",\"isPartOf\":{\"@id\":\"https:\/\/www.elsrochette.brussels\/#website\"},\"primaryImageOfPage\":{\"@id\":\"https:\/\/www.elsrochette.brussels\/pact-voor-brussel\/deelsteps-en-fietsen-eenvormige-parkeerregels-zijn-nodig\/#primaryimage\"},\"image\":{\"@id\":\"https:\/\/www.elsrochette.brussels\/pact-voor-brussel\/deelsteps-en-fietsen-eenvormige-parkeerregels-zijn-nodig\/#primaryimage\"},\"thumbnailUrl\":\"https:\/\/www.elsrochette.brussels\/wp-content\/uploads\/2021\/07\/IMG_9436-min-scaled.jpg\",\"datePublished\":\"2021-06-08T12:23:00+00:00\",\"dateModified\":\"2021-07-05T14:48:47+00:00\",\"author\":{\"@id\":\"https:\/\/www.elsrochette.brussels\/#\/schema\/person\/389fd1b6ea7d132cef3dd1222f57fcb0\"},\"breadcrumb\":{\"@id\":\"https:\/\/www.elsrochette.brussels\/pact-voor-brussel\/deelsteps-en-fietsen-eenvormige-parkeerregels-zijn-nodig\/#breadcrumb\"},\"inLanguage\":\"fr-BE\",\"potentialAction\":[{\"@type\":\"ReadAction\",\"target\":[\"https:\/\/www.elsrochette.brussels\/pact-voor-brussel\/deelsteps-en-fietsen-eenvormige-parkeerregels-zijn-nodig\/\"]}]},{\"@type\":\"ImageObject\",\"inLanguage\":\"fr-BE\",\"@id\":\"https:\/\/www.elsrochette.brussels\/pact-voor-brussel\/deelsteps-en-fietsen-eenvormige-parkeerregels-zijn-nodig\/#primaryimage\",\"url\":\"https:\/\/www.elsrochette.brussels\/wp-content\/uploads\/2021\/07\/IMG_9436-min-scaled.jpg\",\"contentUrl\":\"https:\/\/www.elsrochette.brussels\/wp-content\/uploads\/2021\/07\/IMG_9436-min-scaled.jpg\",\"width\":2480,\"height\":1654},{\"@type\":\"BreadcrumbList\",\"@id\":\"https:\/\/www.elsrochette.brussels\/pact-voor-brussel\/deelsteps-en-fietsen-eenvormige-parkeerregels-zijn-nodig\/#breadcrumb\",\"itemListElement\":[{\"@type\":\"ListItem\",\"position\":1,\"name\":\"Home\",\"item\":\"https:\/\/www.elsrochette.brussels\/\"},{\"@type\":\"ListItem\",\"position\":2,\"name\":\"Deelsteps en -fietsen: eenvormige parkeerregels nodig\"}]},{\"@type\":\"WebSite\",\"@id\":\"https:\/\/www.elsrochette.brussels\/#website\",\"url\":\"https:\/\/www.elsrochette.brussels\/\",\"name\":\"Els Rochette\",\"description\":\"\",\"potentialAction\":[{\"@type\":\"SearchAction\",\"target\":{\"@type\":\"EntryPoint\",\"urlTemplate\":\"https:\/\/www.elsrochette.brussels\/?s={search_term_string}\"},\"query-input\":\"required name=search_term_string\"}],\"inLanguage\":\"fr-BE\"},{\"@type\":\"Person\",\"@id\":\"https:\/\/www.elsrochette.brussels\/#\/schema\/person\/389fd1b6ea7d132cef3dd1222f57fcb0\",\"name\":\"Robin CUVILLIER\"}]}<\/script>\n<!-- \/ Yoast SEO plugin. -->","yoast_head_json":{"title":"Deelsteps en -fietsen: eenvormige parkeerregels nodig - Els Rochette","robots":{"index":"index","follow":"follow","max-snippet":"max-snippet:-1","max-image-preview":"max-image-preview:large","max-video-preview":"max-video-preview:-1"},"canonical":"https:\/\/www.elsrochette.brussels\/fr\/pact-voor-brussel\/deelsteps-en-fietsen-eenvormige-parkeerregels-zijn-nodig\/","og_locale":"fr_FR","og_type":"article","og_title":"Deelsteps en -fietsen: eenvormige parkeerregels nodig - Els Rochette","og_description":"Tijdens de commissie voor Mobiliteit vandaag was er een debat over micro-mobiliteit, over deelfietsen, -steps en -auto&#8217;s. Heel interessant, maar dit vond ik pas echt frappant: alle parlementsleden zijn het ermee eens dat er eenvormige regels nodig zijn voor het parkeren van die nieuwe vervoersmiddelen. Overal in het Gewest hetzelfde. Zodat iedereen die regels begrijpt.... Lees meer","og_url":"https:\/\/www.elsrochette.brussels\/fr\/pact-voor-brussel\/deelsteps-en-fietsen-eenvormige-parkeerregels-zijn-nodig\/","og_site_name":"Els Rochette","article_published_time":"2021-06-08T12:23:00+00:00","article_modified_time":"2021-07-05T14:48:47+00:00","og_image":[{"width":2480,"height":1654,"url":"https:\/\/www.elsrochette.brussels\/wp-content\/uploads\/2021\/07\/IMG_9436-min-scaled.jpg","type":"image\/jpeg"}],"author":"Robin CUVILLIER","twitter_card":"summary_large_image","twitter_misc":{"\u00c9crit par":"Robin CUVILLIER","Dur\u00e9e de lecture est.":"1 minute"},"schema":{"@context":"https:\/\/schema.org","@graph":[{"@type":"WebPage","@id":"https:\/\/www.elsrochette.brussels\/pact-voor-brussel\/deelsteps-en-fietsen-eenvormige-parkeerregels-zijn-nodig\/","url":"https:\/\/www.elsrochette.brussels\/pact-voor-brussel\/deelsteps-en-fietsen-eenvormige-parkeerregels-zijn-nodig\/","name":"Deelsteps en -fietsen: eenvormige parkeerregels nodig - Els Rochette","isPartOf":{"@id":"https:\/\/www.elsrochette.brussels\/#website"},"primaryImageOfPage":{"@id":"https:\/\/www.elsrochette.brussels\/pact-voor-brussel\/deelsteps-en-fietsen-eenvormige-parkeerregels-zijn-nodig\/#primaryimage"},"image":{"@id":"https:\/\/www.elsrochette.brussels\/pact-voor-brussel\/deelsteps-en-fietsen-eenvormige-parkeerregels-zijn-nodig\/#primaryimage"},"thumbnailUrl":"https:\/\/www.elsrochette.brussels\/wp-content\/uploads\/2021\/07\/IMG_9436-min-scaled.jpg","datePublished":"2021-06-08T12:23:00+00:00","dateModified":"2021-07-05T14:48:47+00:00","author":{"@id":"https:\/\/www.elsrochette.brussels\/#\/schema\/person\/389fd1b6ea7d132cef3dd1222f57fcb0"},"breadcrumb":{"@id":"https:\/\/www.elsrochette.brussels\/pact-voor-brussel\/deelsteps-en-fietsen-eenvormige-parkeerregels-zijn-nodig\/#breadcrumb"},"inLanguage":"fr-BE","potentialAction":[{"@type":"ReadAction","target":["https:\/\/www.elsrochette.brussels\/pact-voor-brussel\/deelsteps-en-fietsen-eenvormige-parkeerregels-zijn-nodig\/"]}]},{"@type":"ImageObject","inLanguage":"fr-BE","@id":"https:\/\/www.elsrochette.brussels\/pact-voor-brussel\/deelsteps-en-fietsen-eenvormige-parkeerregels-zijn-nodig\/#primaryimage","url":"https:\/\/www.elsrochette.brussels\/wp-content\/uploads\/2021\/07\/IMG_9436-min-scaled.jpg","contentUrl":"https:\/\/www.elsrochette.brussels\/wp-content\/uploads\/2021\/07\/IMG_9436-min-scaled.jpg","width":2480,"height":1654},{"@type":"BreadcrumbList","@id":"https:\/\/www.elsrochette.brussels\/pact-voor-brussel\/deelsteps-en-fietsen-eenvormige-parkeerregels-zijn-nodig\/#breadcrumb","itemListElement":[{"@type":"ListItem","position":1,"name":"Home","item":"https:\/\/www.elsrochette.brussels\/"},{"@type":"ListItem","position":2,"name":"Deelsteps en -fietsen: eenvormige parkeerregels nodig"}]},{"@type":"WebSite","@id":"https:\/\/www.elsrochette.brussels\/#website","url":"https:\/\/www.elsrochette.brussels\/","name":"Els Rochette","description":"","potentialAction":[{"@type":"SearchAction","target":{"@type":"EntryPoint","urlTemplate":"https:\/\/www.elsrochette.brussels\/?s={search_term_string}"},"query-input":"required name=search_term_string"}],"inLanguage":"fr-BE"},{"@type":"Person","@id":"https:\/\/www.elsrochette.brussels\/#\/schema\/person\/389fd1b6ea7d132cef3dd1222f57fcb0","name":"Robin CUVILLIER"}]}},"_links":{"self":[{"href":"https:\/\/www.elsrochette.brussels\/fr\/wp-json\/wp\/v2\/posts\/562","targetHints":{"allow":["GET"]}}],"collection":[{"href":"https:\/\/www.elsrochette.brussels\/fr\/wp-json\/wp\/v2\/posts"}],"about":[{"href":"https:\/\/www.elsrochette.brussels\/fr\/wp-json\/wp\/v2\/types\/post"}],"author":[{"embeddable":true,"href":"https:\/\/www.elsrochette.brussels\/fr\/wp-json\/wp\/v2\/users\/1"}],"replies":[{"embeddable":true,"href":"https:\/\/www.elsrochette.brussels\/fr\/wp-json\/wp\/v2\/comments?post=562"}],"version-history":[{"count":7,"href":"https:\/\/www.elsrochette.brussels\/fr\/wp-json\/wp\/v2\/posts\/562\/revisions"}],"predecessor-version":[{"id":937,"href":"https:\/\/www.elsrochette.brussels\/fr\/wp-json\/wp\/v2\/posts\/562\/revisions\/937"}],"wp:featuredmedia":[{"embeddable":true,"href":"https:\/\/www.elsrochette.brussels\/fr\/wp-json\/wp\/v2\/media\/927"}],"wp:attachment":[{"href":"https:\/\/www.elsrochette.brussels\/fr\/wp-json\/wp\/v2\/media?parent=562"}],"wp:term":[{"taxonomy":"category","embeddable":true,"href":"https:\/\/www.elsrochette.brussels\/fr\/wp-json\/wp\/v2\/categories?post=562"},{"taxonomy":"post_tag","embeddable":true,"href":"https:\/\/www.elsrochette.brussels\/fr\/wp-json\/wp\/v2\/tags?post=562"}],"curies":[{"name":"wp","href":"https:\/\/api.w.org\/{rel}","templated":true}]}}